{"id":974,"date":"2025-05-25T01:17:59","date_gmt":"2025-05-25T01:17:59","guid":{"rendered":"https:\/\/fogtunderajandek.hu\/?p=974"},"modified":"2025-11-08T21:58:51","modified_gmt":"2025-11-08T21:58:51","slug":"mirella-es-a-titkos-csonakhaz","status":"publish","type":"post","link":"https:\/\/fogtunderajandek.hu\/index.php\/2025\/05\/25\/mirella-es-a-titkos-csonakhaz\/","title":{"rendered":"Mirella \u00e9s a titkos cs\u00f3nakh\u00e1z"},"content":{"rendered":"\n<p class=\"wp-block-paragraph\">A Var\u00e1zserd\u0151 sz\u00e9l\u00e9n, egy csillog\u00f3 t\u00f3 m\u00e9ly\u00e9n, v\u00edzcseppekb\u0151l sz\u0151tt bubor\u00e9kh\u00e1zban lakott <strong>Mirella<\/strong>, a v\u00edzt\u00fcnd\u00e9r. Hajnal el\u0151tt nem sokkal \u00e9bredt fel \u2013 a t\u00f3 vize m\u00e9g s\u00f6t\u00e9tk\u00e9k volt, de a felsz\u00ednen m\u00e1r \u00e9bredezett a holdf\u00e9ny.<\/p>\n\n\n\n<p class=\"wp-block-paragraph\">\u2013 Mirella! \u2013 sz\u00f3lt a bubor\u00e9kpost\u00e1n \u00e1t <strong>T\u00fcnd\u00e9rmama<\/strong>. \u2013 Ma este a te feladatod lesz elhozni egy gyerek fog\u00e1t. Egy kisl\u00e1ny, Luca, ma vesz\u00edtette el az els\u0151 tejfog\u00e1t. A p\u00e1rn\u00e1ja al\u00e1 rejtette a cs\u00f3nakh\u00e1zban, a t\u00f3 t\u00fals\u00f3 partj\u00e1n.<\/p>\n\n\n\n<p class=\"wp-block-paragraph\">Mirella szeme felcsillant. Ez volt az <strong>els\u0151 igazi k\u00fcldet\u00e9se egyed\u00fcl<\/strong>! Kiv\u00e1lasztott egy csillog\u00f3, k\u00e9kesz\u00f6ld k\u00f6vet az aj\u00e1nd\u00e9kos l\u00e1dik\u00f3b\u00f3l \u2013 f\u00e9nyes volt, mint a tavak t\u00fckre napnyugtakor \u2013, azt\u00e1n zsebre tette a v\u00edzcseppb\u0151l k\u00e9sz\u00fclt var\u00e1zskulcs\u00e1t, \u00e9s \u00fatnak indult.<\/p>\n\n\n\n<p class=\"wp-block-paragraph\">A t\u00f3 felsz\u00edne csendes volt. Csak a v\u00edz f\u00f6l\u00f6tt lebeg\u0151 kis szitak\u00f6t\u0151k t\u00e1ncoltak n\u00e9m\u00e1n. Mirella suhintott egyet a sz\u00e1rnyaival, \u00e9s felsz\u00e1llt a leveg\u0151be. Bubor\u00e9ksz\u00e1rnyai halk pukkan\u00e1sokkal rep\u00edtett\u00e9k \u00e1t a v\u00edz felett.<\/p>\n\n\n\n<p class=\"wp-block-paragraph\">De valaki m\u00e1s is figyelt.<\/p>\n\n\n\n<p class=\"wp-block-paragraph\">A n\u00e1d k\u00f6z\u00f6tt k\u00e9t m\u00f3k\u00e1s kobold lapult: <strong>T\u00f6tty \u00e9s M\u00f6tty<\/strong>. K\u00e9t testv\u00e9r, akik mindig bajba keveredtek.<\/p>\n\n\n\n<p class=\"wp-block-paragraph\">\u2013 Hallottad, M\u00f6tty? Fog! Var\u00e1zspor! Aj\u00e1nd\u00e9k! \u2013 s\u00fagta T\u00f6tty.<\/p>\n\n\n\n<p class=\"wp-block-paragraph\">\u2013 Lopjuk el! Nek\u00fcnk is kell egy kis fogpor! \u2013 v\u00e1laszolta M\u00f6tty, \u00e9s m\u00e1ris egy lyukas ladikba ugrottak, amit valahonnan szereztek.<\/p>\n\n\n\n<p class=\"wp-block-paragraph\">A cs\u00f3nakh\u00e1z ajtaja z\u00e1rva volt. Mirella el\u0151vette a var\u00e1zskulcs\u00e1t, de a z\u00e1r csupa rozsda volt \u2013 nem fordult el a kulcs!<\/p>\n\n\n\n<p class=\"wp-block-paragraph\">\u2013 Akkor megkeress\u00fck a h\u00e1ts\u00f3 bej\u00e1ratot\u2026 \u2013 suttogta.<\/p>\n\n\n\n<p class=\"wp-block-paragraph\">A h\u00e1z alatt egy r\u00e9gi cs\u00f3nakr\u00e9st tal\u00e1lt, amin \u00e1t be lehetett \u00faszni. \u00c1m amint lemer\u00fclt, k\u00e9t z\u00f6ld koboldfej bukkant fel a v\u00edz al\u00f3l \u2013 \u00e9pp ahogy a ladikjuk elmer\u00fclt.<\/p>\n\n\n\n<p class=\"wp-block-paragraph\">\u2013 Fog\u2026 visszaadni! \u2013 ki\u00e1ltotta T\u00f6tty, de addigra Mirella m\u00e1r bent is volt.<\/p>\n\n\n\n<p class=\"wp-block-paragraph\">A cs\u00f3nakh\u00e1zban csend volt. Luca m\u00e9lyen aludt, b\u00e9k\u00e9sen szuszogott a takar\u00f3 alatt. P\u00e1rn\u00e1ja alatt ott lapult a kis fog. Mellette egy apr\u00f3 horgony alak\u00fa p\u00e1rna d\u00edszelgett \u2013 Luca szerette a cs\u00f3nak\u00e1z\u00e1st, tudta Mirella.<\/p>\n\n\n\n<p class=\"wp-block-paragraph\">De a fog mellett valami m\u00e1st is tal\u00e1lt: egy \u00f6sszetekert kis pap\u00edrlapot.<\/p>\n\n\n\n<p class=\"wp-block-paragraph\">\u201e<strong>Kedves Fogt\u00fcnd\u00e9r!<\/strong><br>Nem tudtam, hogy el akarom-e adni a fogamat. Kicsit f\u00e9lek, mert m\u00e9g sosem t\u00f6rt\u00e9nt ilyen velem. De ha elviszed, k\u00e9rlek, adj cser\u00e9be valami b\u00e1tor\u00edt\u00f3t.\u201d<br>\u2013 Szeretettel: Luca<\/p>\n\n\n\n<p class=\"wp-block-paragraph\">Mirella meghat\u00f3dott. El\u0151vette az aj\u00e1nd\u00e9kkavicsot \u2013 de most valami <strong>t\u00f6bbre<\/strong> volt sz\u00fcks\u00e9g. Egy kis var\u00e1zslatra. Egy kis b\u00e1tors\u00e1gra.<\/p>\n\n\n\n<p class=\"wp-block-paragraph\">Odakint, a t\u00f3parton, egy apr\u00f3cska \u00fcvegbe gy\u0171jt\u00f6tt egy csepp holdsugarat, egy kis hull\u00e1mcsobban\u00e1st, \u00e9s a legb\u00e1trabb v\u00edzt\u00fcnd\u00e9r-gondolat\u00e1t:<\/p>\n\n\n\n<p class=\"wp-block-paragraph\"><em>&#8222;Meg tudod csin\u00e1lni.&#8221;<\/em><\/p>\n\n\n\n<p class=\"wp-block-paragraph\">Az \u00fcvegcs\u00e9t egy kicsi ez\u00fcst szalaggal \u00e1tk\u00f6t\u00f6tte, \u00e9s visszasuhant a p\u00e1rn\u00e1hoz. A fogat elvette, de <strong>h\u00e1trahagyta az \u00e1sv\u00e1nyt \u00e9s a b\u00e1tors\u00e1g-palackot<\/strong>.<\/p>\n\n\n\n<p class=\"wp-block-paragraph\">Mirella \u00e9pp kilibbent az ablakon, amikor k\u00e9t vizes kobold kapaszkodott felfel\u00e9 egy far\u00f6nk h\u00e1t\u00e1n.<\/p>\n\n\n\n<p class=\"wp-block-paragraph\">\u2013 Megvan m\u00e9g? \u2013 lihegte M\u00f6tty.<\/p>\n\n\n\n<p class=\"wp-block-paragraph\">\u2013 Csak az \u00e1sv\u00e1ny meg\u2026 egy \u00fcveg? Tal\u00e1n valami fog\u00edz\u0171 ital! \u2013 nyammogott T\u00f6tty.<\/p>\n\n\n\n<p class=\"wp-block-paragraph\">De mire kioldott\u00e1k a szalagot, a palack csak bubor\u00e9kot f\u00fajt az orrukra, amit\u0151l \u00f3r\u00e1kig nevettek \u2013 \u00e9s persze elfelejtett\u00e9k, mi\u00e9rt j\u00f6ttek.<\/p>\n\n\n\n<p class=\"wp-block-paragraph\">Otthon T\u00fcnd\u00e9rmama m\u00e1r v\u00e1rta Mirell\u00e1t. A fogb\u00f3l elk\u00e9sz\u00edtett\u00e9k a var\u00e1zsport \u2013 de a lev\u00e9l \u00e9s a b\u00e1tors\u00e1g m\u00e9g nagyobb kincs lett a t\u00fcnd\u00e9rsz\u00edvnek.<\/p>\n\n\n\n<p class=\"wp-block-paragraph\">\u00c9s Luca?<\/p>\n\n\n\n<p class=\"wp-block-paragraph\">Reggel, amikor fel\u00e9bredt, a p\u00e1rn\u00e1ja alatt egy sz\u00e9p k\u0151 \u00e9s egy apr\u00f3 \u00fcveg v\u00e1rt r\u00e1.<\/p>\n\n\n\n<p class=\"wp-block-paragraph\">\u2013 N\u00e9zd, mama! \u2013 suttogta boldogan. \u2013 Nem is f\u00e9lek t\u00f6bb\u00e9.<\/p>\n\n\n\n<p class=\"wp-block-paragraph\">(\u2026\u00e9s k\u00f6zben a t\u00f3 t\u00fals\u00f3 partj\u00e1n valaki m\u00e9g mindig pr\u00fcszk\u00f6l egy v\u00edzbubor\u00e9kt\u00f3l.)<\/p>\n\n\n\n<p class=\"wp-block-paragraph\"><strong>Tanuls\u00e1g:<\/strong><br><em>B\u00e1tornak lenni nem azt jelenti, hogy nem f\u00e9lsz. Hanem azt, hogy megteszed akkor is, ha egy kicsit igen.<\/em><\/p>\n\n\n\n<p class=\"wp-block-paragraph\"><\/p>\n","protected":false},"excerpt":{"rendered":"<p>A Var\u00e1zserd\u0151 sz\u00e9l\u00e9n, egy csillog\u00f3 t\u00f3 m\u00e9ly\u00e9n, v\u00edzcseppekb\u0151l sz\u0151tt bubor\u00e9kh\u00e1zban lakott Mirella, a v\u00edzt\u00fcnd\u00e9r. Hajnal el\u0151tt nem sokkal \u00e9bredt fel \u2013 a t\u00f3 vize m\u00e9g s\u00f6t\u00e9tk\u00e9k volt, de a felsz\u00ednen m\u00e1r \u00e9bredezett a holdf\u00e9ny. \u2013 Mirella! \u2013 sz\u00f3lt a bubor\u00e9kpost\u00e1n \u00e1t T\u00fcnd\u00e9rmama. \u2013 Ma este a te feladatod lesz elhozni egy gyerek fog\u00e1t. Egy kisl\u00e1ny, [&hellip;]<\/p>\n","protected":false},"author":1,"featured_media":975,"comment_status":"open","ping_status":"open","sticky":false,"template":"","format":"standard","meta":{"footnotes":""},"categories":[61],"tags":[],"class_list":["post-974","post","type-post","status-publish","format-standard","has-post-thumbnail","hentry","category-tunderorszag-mesei"],"_links":{"self":[{"href":"https:\/\/fogtunderajandek.hu\/index.php\/wp-json\/wp\/v2\/posts\/974","targetHints":{"allow":["GET"]}}],"collection":[{"href":"https:\/\/fogtunderajandek.hu\/index.php\/wp-json\/wp\/v2\/posts"}],"about":[{"href":"https:\/\/fogtunderajandek.hu\/index.php\/wp-json\/wp\/v2\/types\/post"}],"author":[{"embeddable":true,"href":"https:\/\/fogtunderajandek.hu\/index.php\/wp-json\/wp\/v2\/users\/1"}],"replies":[{"embeddable":true,"href":"https:\/\/fogtunderajandek.hu\/index.php\/wp-json\/wp\/v2\/comments?post=974"}],"version-history":[{"count":2,"href":"https:\/\/fogtunderajandek.hu\/index.php\/wp-json\/wp\/v2\/posts\/974\/revisions"}],"predecessor-version":[{"id":1005,"href":"https:\/\/fogtunderajandek.hu\/index.php\/wp-json\/wp\/v2\/posts\/974\/revisions\/1005"}],"wp:featuredmedia":[{"embeddable":true,"href":"https:\/\/fogtunderajandek.hu\/index.php\/wp-json\/wp\/v2\/media\/975"}],"wp:attachment":[{"href":"https:\/\/fogtunderajandek.hu\/index.php\/wp-json\/wp\/v2\/media?parent=974"}],"wp:term":[{"taxonomy":"category","embeddable":true,"href":"https:\/\/fogtunderajandek.hu\/index.php\/wp-json\/wp\/v2\/categories?post=974"},{"taxonomy":"post_tag","embeddable":true,"href":"https:\/\/fogtunderajandek.hu\/index.php\/wp-json\/wp\/v2\/tags?post=974"}],"curies":[{"name":"wp","href":"https:\/\/api.w.org\/{rel}","templated":true}]}}