{"id":1021,"date":"2025-05-25T01:49:42","date_gmt":"2025-05-25T01:49:42","guid":{"rendered":"https:\/\/fogtunderajandek.hu\/?p=1021"},"modified":"2025-11-08T21:51:27","modified_gmt":"2025-11-08T21:51:27","slug":"pilla-es-a-csikizos-hernyohad","status":"publish","type":"post","link":"https:\/\/fogtunderajandek.hu\/index.php\/2025\/05\/25\/pilla-es-a-csikizos-hernyohad\/","title":{"rendered":"Pilla \u00e9s a csikiz\u0151s herny\u00f3had"},"content":{"rendered":"\n<p class=\"wp-block-paragraph\">Pilla, a pillang\u00f3t\u00fcnd\u00e9r, kora d\u00e9lut\u00e1n a vir\u00e1gmezej\u00e9n sz\u00e1r\u00edtotta a sz\u00e1rnyait, mik\u00f6zben pipacsp\u00e1rn\u00e1n hever\u00e9szett. A h\u00e1zik\u00f3ja egy <strong>\u00f3ri\u00e1si k\u00e9k harangvir\u00e1g belsej\u00e9ben<\/strong> b\u00fajt meg, ahol mindig finom nekt\u00e1rillat lengte be a leveg\u0151t.<\/p>\n\n\n\n<p class=\"wp-block-paragraph\">\u0150 volt a legnevet\u0151sebb a t\u00fcnd\u00e9rek k\u00f6z\u00f6tt. Mindent vid\u00e1man n\u00e9zett, m\u00e9g akkor is, ha a haja \u2013 vagyis vir\u00e1gszirom-koszor\u00faja \u2013 \u00f6sszevissza \u00e1llt a sz\u00e9lben.<br>\u2013 Na \u00e9s akkor mi van? Legal\u00e1bb boh\u00f3k\u00e1s! \u2013 mondogatta.<\/p>\n\n\n\n<p class=\"wp-block-paragraph\">Aznap este k\u00fcl\u00f6nleges k\u00fcldet\u00e9st kapott.<\/p>\n\n\n\n<p class=\"wp-block-paragraph\">\u2013 Egy kisl\u00e1ny, Luca, elvesz\u00edtette az els\u0151 fog\u00e1t \u2013 sz\u00f3lt a szell\u0151 T\u00fcnd\u00e9rmama hangj\u00e1n. \u2013 De vigy\u00e1zz: Luca nagyon csikland\u00f3s. Ne \u00e9breszd fel! \u00c9s&#8230; \u00fagy hallani, egy <strong>csapat csikiz\u0151s herny\u00f3<\/strong> is a k\u00f6rny\u00e9ken m\u00e1szk\u00e1l. Nehogy r\u00e1d m\u00e1sszanak!<\/p>\n\n\n\n<p class=\"wp-block-paragraph\">\u2013 Csikiz\u0151s herny\u00f3k? H\u00e1t az szuper! \u2013 nevetett Pilla. \u2013 Tal\u00e1n megbar\u00e1tkozunk.<\/p>\n\n\n\n<p class=\"wp-block-paragraph\">Napnyugta ut\u00e1n Pilla elindult. Rep\u00fclt r\u00e9tek, f\u00e1k \u00e9s bokrok felett, egyenesen a v\u00e1roska sz\u00e9l\u00e9re, ahol Luca kertje kezd\u0151d\u00f6tt. A h\u00e1z f\u00f6l\u00f6tt sz\u00e9lforg\u00f3k p\u00f6r\u00f6gtek, a kertben hatalmas napraforg\u00f3k b\u00f3logattak. A gyerekek m\u00e1r aludtak, csak egy-k\u00e9t t\u00fccs\u00f6k zen\u00e9lt.<\/p>\n\n\n\n<p class=\"wp-block-paragraph\">Pilla \u00e9pp lesz\u00e1llt volna az ablakp\u00e1rk\u00e1nyra, amikor&#8230;<\/p>\n\n\n\n<p class=\"wp-block-paragraph\"><strong>PLOFF!<\/strong><br>Valami z\u00f6ld, sz\u0151r\u00f6s, puha dolog esett r\u00e1 h\u00e1tulr\u00f3l. Majd m\u00e9g egy. Azt\u00e1n m\u00e9g egy!<\/p>\n\n\n\n<p class=\"wp-block-paragraph\">\u2013 Hahaha! Hagyj\u00e1tok abba! \u2013 kacagta Pilla, mik\u00f6zben <strong>csikiz\u0151s herny\u00f3k<\/strong> lept\u00e9k el a h\u00e1t\u00e1t, a bok\u00e1j\u00e1t, s\u0151t, m\u00e9g a haj\u00e1t is. Egyik\u00fck a v\u00e1ll\u00e1n \u00e1llva \u00edgy sz\u00f3lt:<br>\u2013 Bocs\u00e1nat, csak azt hitt\u00fck, te is herny\u00f3 vagy, mert olyan sz\u00ednes vagy!<\/p>\n\n\n\n<p class=\"wp-block-paragraph\">\u2013 Semmi baj \u2013 kuncogta Pilla \u2013, de most fontos k\u00fcldet\u00e9sem van!<\/p>\n\n\n\n<p class=\"wp-block-paragraph\">A herny\u00f3k elcsendesedtek. Az egyik, akit Pilla elnevezett Csurinak, megsz\u00f3lalt:<br>\u2013 Mi is seg\u00edthet\u00fcnk. Tudunk k\u00faszni hangtalanul! \u00c9s&#8230; csikizni az ellens\u00e9get!<\/p>\n\n\n\n<p class=\"wp-block-paragraph\">\u2013 Ez j\u00f3l j\u00f6het m\u00e9g \u2013 b\u00f3logatott Pilla.<\/p>\n\n\n\n<p class=\"wp-block-paragraph\">\u00d3vatosan berep\u00fclt Luca ablak\u00e1n. A kisl\u00e1ny b\u00e9k\u00e9sen aludt, egy pl\u00fcsspillang\u00f3val a karj\u00e1ban. Pilla odasuhant a p\u00e1rn\u00e1hoz, ahol a kis tejfog lapult egy selyem zsebkend\u0151ben. Mellette egy rajz: egy sziv\u00e1rv\u00e1nysz\u00edn\u0171 lepke, \u00e9s ez \u00e1llt alatta:<\/p>\n\n\n\n<p class=\"wp-block-paragraph\"><strong>\u201eKedves Pillang\u00f3t\u00fcnd\u00e9r! Szeretn\u00e9k olyan sz\u00e9p lenni, mint te. K\u00e9rlek, hozz nekem egy igazi t\u00fcnd\u00e9rsz\u00ednt!\u201d<\/strong><\/p>\n\n\n\n<p class=\"wp-block-paragraph\">Pilla elmosolyodott. El\u0151vette az aj\u00e1nd\u00e9k\u00e1t: egy <strong>pici sziv\u00e1rv\u00e1nyport<\/strong>, amit vir\u00e1gporb\u00f3l \u00e9s t\u00fcnd\u00e9rcsill\u00e1mb\u00f3l kevert. Egy kis t\u00e9gelyben tette Luca p\u00e1rn\u00e1ja al\u00e1.<\/p>\n\n\n\n<p class=\"wp-block-paragraph\">M\u00e1r \u00e9pp indult volna ki, amikor&#8230; <strong>katt<\/strong> \u2013 az ablak becsuk\u00f3dott.<br>Majd egy v\u00e9kony hang:<br>\u2013 A fog&#8230; kell&#8230; nek\u00fcnk is&#8230;<\/p>\n\n\n\n<p class=\"wp-block-paragraph\">A koboldok voltak. Ketten b\u00fajtak el\u0151 az ablak alatti vir\u00e1gcser\u00e9pb\u0151l. Apr\u00f3k, z\u00f6ldesek \u00e9s \u2013 persze \u2013 \u00fcgyetlenek.<\/p>\n\n\n\n<p class=\"wp-block-paragraph\">\u2013 Add \u00e1t a fogat! Vagy&#8230; vagy&#8230; megcsikiz\u00fcnk!<\/p>\n\n\n\n<p class=\"wp-block-paragraph\">\u2013 Hiba volt ezt mondani \u2013 kuncogta Pilla. \u2013 Fi\u00fak!<\/p>\n\n\n\n<p class=\"wp-block-paragraph\">A herny\u00f3k el\u0151ugrottak a vir\u00e1gok k\u00f6z\u00fcl, \u00e9s megrohamozt\u00e1k a koboldokat.<br>\u2013 Neeee! Nem a l\u00e1bam! \u2013 sik\u00edtott az egyik kobold.<br>\u2013 A bajuszom! \u2013 vis\u00edtott a m\u00e1sik.<br>\u00c9s m\u00e1ris kirohantak az \u00e9jszak\u00e1ba, csikizve, vinnyogva, puffogva.<\/p>\n\n\n\n<p class=\"wp-block-paragraph\">Pilla megszerezte a fogat, kinyitotta az ablakot, \u00e9s visszasz\u00e1llt a vir\u00e1gmezej\u00e9re. A herny\u00f3csapatot megh\u00edvta egy \u00e9jszakai vir\u00e1gb\u00e1lra, ahol vir\u00e1gporos s\u00fctem\u00e9nyt kaptak, \u00e9s t\u00fccs\u00f6kzen\u00e9re t\u00e1ncoltak.<\/p>\n\n\n\n<p class=\"wp-block-paragraph\">Reggel Luca a p\u00e1rn\u00e1ja alatt egy <strong>pici t\u00e9gely sziv\u00e1rv\u00e1nyport<\/strong> tal\u00e1lt. Amint kinyitotta, csill\u00e1mf\u00e9ny sz\u00e1llt a leveg\u0151be. \u00c9s amikor belen\u00e9zett a t\u00fck\u00f6rbe&#8230;<br>egy pillanatra a szeme sz\u00edne <strong>lepkelil\u00e1ra v\u00e1ltozott<\/strong>.<\/p>\n\n\n\n<p class=\"wp-block-paragraph\">\u2013 Ez var\u00e1zslat! \u2013 suttogta.<\/p>\n\n\n\n<p class=\"wp-block-paragraph\">Az\u00f3ta is \u0151rzi a t\u00e9gelyt. \u00c9s n\u00e9ha, mikor neh\u00e9z napja van, kinyitja, \u00e9s elhiszi, hogy <strong>minden gyerekben lakik egy pici t\u00fcnd\u00e9r<\/strong>.<\/p>\n\n\n\n<p class=\"wp-block-paragraph\"><strong>V\u00e9ge<\/strong><br><em>(\u00c9s ha valami csiklandozza a l\u00e1bad \u00e9jjel, ne agg\u00f3dj. Lehet, hogy csak Csuri az egyik herny\u00f3&#8230;)<\/em><\/p>\n","protected":false},"excerpt":{"rendered":"<p>Pilla, a pillang\u00f3t\u00fcnd\u00e9r, kora d\u00e9lut\u00e1n a vir\u00e1gmezej\u00e9n sz\u00e1r\u00edtotta a sz\u00e1rnyait, mik\u00f6zben pipacsp\u00e1rn\u00e1n hever\u00e9szett. A h\u00e1zik\u00f3ja egy \u00f3ri\u00e1si k\u00e9k harangvir\u00e1g belsej\u00e9ben b\u00fajt meg, ahol mindig finom nekt\u00e1rillat lengte be a leveg\u0151t. \u0150 volt a legnevet\u0151sebb a t\u00fcnd\u00e9rek k\u00f6z\u00f6tt. Mindent vid\u00e1man n\u00e9zett, m\u00e9g akkor is, ha a haja \u2013 vagyis vir\u00e1gszirom-koszor\u00faja \u2013 \u00f6sszevissza \u00e1llt a sz\u00e9lben.\u2013 Na [&hellip;]<\/p>\n","protected":false},"author":1,"featured_media":1022,"comment_status":"open","ping_status":"open","sticky":false,"template":"","format":"standard","meta":{"footnotes":""},"categories":[61],"tags":[],"class_list":["post-1021","post","type-post","status-publish","format-standard","has-post-thumbnail","hentry","category-tunderorszag-mesei"],"_links":{"self":[{"href":"https:\/\/fogtunderajandek.hu\/index.php\/wp-json\/wp\/v2\/posts\/1021","targetHints":{"allow":["GET"]}}],"collection":[{"href":"https:\/\/fogtunderajandek.hu\/index.php\/wp-json\/wp\/v2\/posts"}],"about":[{"href":"https:\/\/fogtunderajandek.hu\/index.php\/wp-json\/wp\/v2\/types\/post"}],"author":[{"embeddable":true,"href":"https:\/\/fogtunderajandek.hu\/index.php\/wp-json\/wp\/v2\/users\/1"}],"replies":[{"embeddable":true,"href":"https:\/\/fogtunderajandek.hu\/index.php\/wp-json\/wp\/v2\/comments?post=1021"}],"version-history":[{"count":1,"href":"https:\/\/fogtunderajandek.hu\/index.php\/wp-json\/wp\/v2\/posts\/1021\/revisions"}],"predecessor-version":[{"id":1023,"href":"https:\/\/fogtunderajandek.hu\/index.php\/wp-json\/wp\/v2\/posts\/1021\/revisions\/1023"}],"wp:featuredmedia":[{"embeddable":true,"href":"https:\/\/fogtunderajandek.hu\/index.php\/wp-json\/wp\/v2\/media\/1022"}],"wp:attachment":[{"href":"https:\/\/fogtunderajandek.hu\/index.php\/wp-json\/wp\/v2\/media?parent=1021"}],"wp:term":[{"taxonomy":"category","embeddable":true,"href":"https:\/\/fogtunderajandek.hu\/index.php\/wp-json\/wp\/v2\/categories?post=1021"},{"taxonomy":"post_tag","embeddable":true,"href":"https:\/\/fogtunderajandek.hu\/index.php\/wp-json\/wp\/v2\/tags?post=1021"}],"curies":[{"name":"wp","href":"https:\/\/api.w.org\/{rel}","templated":true}]}}