{"id":1006,"date":"2025-05-25T01:21:18","date_gmt":"2025-05-25T01:21:18","guid":{"rendered":"https:\/\/fogtunderajandek.hu\/?p=1006"},"modified":"2025-05-25T01:21:20","modified_gmt":"2025-05-25T01:21:20","slug":"trilla-es-a-kotnyeles-kakas","status":"publish","type":"post","link":"https:\/\/fogtunderajandek.hu\/index.php\/2025\/05\/25\/trilla-es-a-kotnyeles-kakas\/","title":{"rendered":"Trilla \u00e9s a kotnyeles kakas"},"content":{"rendered":"\n<p class=\"wp-block-paragraph\">Trilla, a mad\u00e1rt\u00fcnd\u00e9r, kora este a f\u00e9szekh\u00e1zik\u00f3j\u00e1ban \u00fclt, magasra rakott \u00e1grak\u00e1son, egy \u00f6reg t\u00f6lgymad\u00e1r mellett.<\/p>\n\n\n\n<p class=\"wp-block-paragraph\">\u2013 Ma este te m\u00e9sz a gyerekfog\u00e9rt, Trilla \u2013 sz\u00f3lt T\u00fcnd\u00e9rmama a var\u00e1zssz\u00e9llel. \u2013 Egy kisfi\u00fa, Oliv\u00e9r, ma vesz\u00edtette el a fog\u00e1t. A tany\u00e1n lakik, sok \u00e1llattal egy\u00fctt. A p\u00e1rn\u00e1ja al\u00e1 tette, ahogy kell.<\/p>\n\n\n\n<p class=\"wp-block-paragraph\">Trilla sz\u00e1rnyai izgatottan megrebbenetek. \u2013 \u00c1llatok? Madarak? Kakaskukor\u00e9kol\u00e1s? Im\u00e1dom! \u2013 rikkantotta, \u00e9s m\u00e1r csomagolta is az aj\u00e1nd\u00e9k\u00e1t: egy <strong>apr\u00f3 mad\u00e1rtoll alak\u00fa krist\u00e1ly<\/strong>, ami sz\u00ednt v\u00e1ltoztatott, ha \u00e9nekeltek a k\u00f6zel\u00e9ben.<\/p>\n\n\n\n<p class=\"wp-block-paragraph\">Mik\u00f6zben \u00fatnak indult, a f\u00e1k levelei halk \u00e9neket d\u00fadoltak ut\u00e1na. Trilla mindig d\u00fadolt. Reggel, este, \u00fat k\u00f6zben, \u00e1lm\u00e1ban is. A madarak szerett\u00e9k. A baglyok kev\u00e9sb\u00e9.<\/p>\n\n\n\n<hr class=\"wp-block-separator has-alpha-channel-opacity\"\/>\n\n\n\n<p class=\"wp-block-paragraph\">Ahogy lesz\u00e1llt a tany\u00e1ra, megl\u00e1tta a h\u00e1zik\u00f3t: piros tetej\u0171, feh\u00e9r ablakos, verand\u00e1n hinta\u00e1ggyal. A h\u00e1z m\u00f6g\u00f6tt ty\u00fakok, lib\u00e1k \u00e9s egy <strong>hatalmas, pipacssz\u00edn\u0171 kakas<\/strong> j\u00e1rk\u00e1lt b\u00fcszk\u00e9n. A neve K\u00e1zm\u00e9r volt. \u00c9s K\u00e1zm\u00e9r&#8230; sosem aludt.<\/p>\n\n\n\n<p class=\"wp-block-paragraph\">\u2013 Ott egy sz\u00e1rnyas betolakod\u00f3! \u2013 rik\u00e1csolta, mikor meg\u00e9rezte Trilla suhan\u00e1s\u00e1t.<\/p>\n\n\n\n<p class=\"wp-block-paragraph\">\u2013 Psszt! \u00c9n vagyok a fogt\u00fcnd\u00e9r! \u2013 pr\u00f3b\u00e1lta suttogni Trilla, de K\u00e1zm\u00e9r ezt m\u00e1r nem hallotta, mert rohant k\u00f6rbe a ty\u00fakudvarban, \u00e9s mindenkit felkeltett.<\/p>\n\n\n\n<p class=\"wp-block-paragraph\">Trilla s\u00f3hajtott. \u2013 Ez hossz\u00fa \u00e9jszaka lesz.<\/p>\n\n\n\n<p class=\"wp-block-paragraph\">Mik\u00f6zben pr\u00f3b\u00e1lt belop\u00f3dzni Oliv\u00e9r ablak\u00e1n, megl\u00e1tott valamit: egy kis <strong>fecskefi\u00f3ka<\/strong> egy ablakp\u00e1rk\u00e1ny al\u00e1 szorult. Tal\u00e1n leesett a f\u00e9szekb\u0151l, vagy csak t\u00fal k\u00edv\u00e1ncsi volt. Csipogott, dideregett. Trilla azonnal odarep\u00fclt hozz\u00e1.<\/p>\n\n\n\n<p class=\"wp-block-paragraph\">\u2013 Ne f\u00e9lj, kis tollgomb\u00f3c \u2013 susogta \u2013, seg\u00edtek!<\/p>\n\n\n\n<p class=\"wp-block-paragraph\">De abban a pillanatban K\u00e1zm\u00e9r \u00fajra megjelent. \u2013 Tollakat l\u00e1tok! \u00c9breszt\u0151\u0151\u0151\u0151\u0151\u0151!<\/p>\n\n\n\n<p class=\"wp-block-paragraph\">Trilla sebtiben ber\u00f6ppent az ablakon a fi\u00f3k\u00e1val a kez\u00e9ben, \u00e9s beb\u00fajt az \u00e1gy al\u00e1. Odabent Oliv\u00e9r b\u00e9k\u00e9sen aludt. A p\u00e1rn\u00e1ja alatt ott lapult a tejfog \u2013 \u00e9s mellette egy kis rajz is:<\/p>\n\n\n\n<p class=\"wp-block-paragraph\"><strong>\u201eFogt\u00fcnd\u00e9r! Ha elviszed a fogamat, a kedvenc madaram toll\u00e1t k\u00fcld\u00f6m neked aj\u00e1nd\u00e9kba. Cser\u00e9be valami k\u00fcl\u00f6nlegeset k\u00e9rek t\u0151led. Szeretem a madarakat. \u00c9s a titkokat.\u201d<\/strong><\/p>\n\n\n\n<p class=\"wp-block-paragraph\">Trilla sz\u00edve megdobbant.<\/p>\n\n\n\n<p class=\"wp-block-paragraph\">\u2013 Ez a fi\u00fa a mi emberbar\u00e1tunk! \u2013 suttogta, \u00e9s el\u0151vette az aj\u00e1nd\u00e9kot: a mad\u00e1rtoll krist\u00e1lyt, \u00e9s a kis fecsk\u00e9t is bebugyol\u00e1lta egy csepp meleg var\u00e1zspermetbe, hogy reggelig kitartson.<\/p>\n\n\n\n<p class=\"wp-block-paragraph\">De kint K\u00e1zm\u00e9r most m\u00e1r az ablakot kapirg\u00e1lta. \u2013 Ki van ott?! Kinyitom! \u00c9n! A f\u0151sz\u00e1rnyas!<\/p>\n\n\n\n<p class=\"wp-block-paragraph\">Trilla gyorsan \u00e9nekelni kezdett. Egy <strong>nagyon halk, nagyon szel\u00edd altat\u00f3dalt<\/strong> d\u00fadolt. A hang \u00fagy sz\u00e1llt, mint egy ny\u00e1ri szell\u0151 a f\u00e1k k\u00f6z\u00f6tt.<\/p>\n\n\n\n<p class=\"wp-block-paragraph\">K\u00e1zm\u00e9r meg\u00e1llt.<\/p>\n\n\n\n<p class=\"wp-block-paragraph\">Pislogott.<\/p>\n\n\n\n<p class=\"wp-block-paragraph\">Lassan elcsendesedett.<\/p>\n\n\n\n<p class=\"wp-block-paragraph\">\u00c9s&#8230; eld\u0151lt a ty\u00fak\u00f3l el\u0151tt. <strong>Horkolt.<\/strong> Hangosan.<\/p>\n\n\n\n<p class=\"wp-block-paragraph\">Trilla kilibbent az ablakon, a kis fecsk\u00e9t visszatette a f\u00e9szk\u00e9be, a fogat a zseb\u00e9be tette, \u00e9s m\u00e1r rep\u00fclt is vissza T\u00fcnd\u00e9rorsz\u00e1gba.<\/p>\n\n\n\n<p class=\"wp-block-paragraph\">Ott a fogb\u00f3l \u00fajabb var\u00e1zspor k\u00e9sz\u00fclt \u2013 de Trilla megtartotta a rajzot, \u00e9s <strong>a mad\u00e1rtollat<\/strong>, amit Oliv\u00e9r k\u00fcld\u00f6tt. Ez lett a kincse.<\/p>\n\n\n\n<p class=\"wp-block-paragraph\">M\u00e1snap reggel Oliv\u00e9r a p\u00e1rn\u00e1ja alatt egy mad\u00e1rtoll krist\u00e1lyt tal\u00e1lt. Amint r\u00e1f\u00fcty\u00fclt, a toll sz\u00ednt v\u00e1ltott. A fi\u00fa mosolygott:<\/p>\n\n\n\n<p class=\"wp-block-paragraph\">\u2013 Tudtam, hogy l\u00e9tezik!<\/p>\n\n\n\n<p class=\"wp-block-paragraph\">K\u00e1zm\u00e9r? Nos, \u0151 az\u00f3ta is pr\u00f3b\u00e1l r\u00e1j\u00f6nni, <strong>ki d\u00fadolta azt a csod\u00e1s altat\u00f3t<\/strong>. \u00c9s minden reggel, amikor kakask\u00e9nt \u00e9bred, mindig el\u0151bb hallgat, azt\u00e1n kukor\u00e9kol.<\/p>\n\n\n\n<p class=\"wp-block-paragraph\">Biztos, ami biztos.<\/p>\n\n\n\n<p class=\"wp-block-paragraph\"><br><em> Ha figyelsz, tal\u00e1n hallod a f\u00e1k k\u00f6z\u00f6tt Trilla dal\u00e1t&#8230;<\/em><\/p>\n","protected":false},"excerpt":{"rendered":"<p>Trilla, a mad\u00e1rt\u00fcnd\u00e9r, kora este a f\u00e9szekh\u00e1zik\u00f3j\u00e1ban \u00fclt, magasra rakott \u00e1grak\u00e1son, egy \u00f6reg t\u00f6lgymad\u00e1r mellett. \u2013 Ma este te m\u00e9sz a gyerekfog\u00e9rt, Trilla \u2013 sz\u00f3lt T\u00fcnd\u00e9rmama a var\u00e1zssz\u00e9llel. \u2013 Egy kisfi\u00fa, Oliv\u00e9r, ma vesz\u00edtette el a fog\u00e1t. A tany\u00e1n lakik, sok \u00e1llattal egy\u00fctt. A p\u00e1rn\u00e1ja al\u00e1 tette, ahogy kell. Trilla sz\u00e1rnyai izgatottan megrebbenetek. \u2013 \u00c1llatok? [&hellip;]<\/p>\n","protected":false},"author":1,"featured_media":1007,"comment_status":"open","ping_status":"open","sticky":false,"template":"","format":"standard","meta":{"footnotes":""},"categories":[61],"tags":[],"class_list":["post-1006","post","type-post","status-publish","format-standard","has-post-thumbnail","hentry","category-tunderorszag-mesei"],"_links":{"self":[{"href":"https:\/\/fogtunderajandek.hu\/index.php\/wp-json\/wp\/v2\/posts\/1006","targetHints":{"allow":["GET"]}}],"collection":[{"href":"https:\/\/fogtunderajandek.hu\/index.php\/wp-json\/wp\/v2\/posts"}],"about":[{"href":"https:\/\/fogtunderajandek.hu\/index.php\/wp-json\/wp\/v2\/types\/post"}],"author":[{"embeddable":true,"href":"https:\/\/fogtunderajandek.hu\/index.php\/wp-json\/wp\/v2\/users\/1"}],"replies":[{"embeddable":true,"href":"https:\/\/fogtunderajandek.hu\/index.php\/wp-json\/wp\/v2\/comments?post=1006"}],"version-history":[{"count":1,"href":"https:\/\/fogtunderajandek.hu\/index.php\/wp-json\/wp\/v2\/posts\/1006\/revisions"}],"predecessor-version":[{"id":1008,"href":"https:\/\/fogtunderajandek.hu\/index.php\/wp-json\/wp\/v2\/posts\/1006\/revisions\/1008"}],"wp:featuredmedia":[{"embeddable":true,"href":"https:\/\/fogtunderajandek.hu\/index.php\/wp-json\/wp\/v2\/media\/1007"}],"wp:attachment":[{"href":"https:\/\/fogtunderajandek.hu\/index.php\/wp-json\/wp\/v2\/media?parent=1006"}],"wp:term":[{"taxonomy":"category","embeddable":true,"href":"https:\/\/fogtunderajandek.hu\/index.php\/wp-json\/wp\/v2\/categories?post=1006"},{"taxonomy":"post_tag","embeddable":true,"href":"https:\/\/fogtunderajandek.hu\/index.php\/wp-json\/wp\/v2\/tags?post=1006"}],"curies":[{"name":"wp","href":"https:\/\/api.w.org\/{rel}","templated":true}]}}